{"id":281,"date":"2021-02-25T19:38:41","date_gmt":"2021-02-25T19:38:41","guid":{"rendered":"https:\/\/wordpress.bowe.com.br\/hml-hub-lenovo\/?p=281"},"modified":"2023-10-31T18:28:52","modified_gmt":"2023-10-31T18:28:52","slug":"caso-metro-de-quito-y-lenovo","status":"publish","type":"post","link":"https:\/\/lenovocontenthub.com\/las\/caso-metro-de-quito-y-lenovo\/","title":{"rendered":"C\u00f3mo Lenovo ayud\u00f3 a revolucionar el transporte p\u00fablico en Quito, la capital de Ecuador"},"content":{"rendered":"<h2>El mayor proyecto de movilidad en la historia de Quito<\/h2>\n<div id=\"textAfterForm\" class=\"mktoText\">\n<p>La Empresa P\u00fablica Metropolitana Metro de Quito (EPMMQ) realiz\u00f3 el mayor proyecto de movilidad urbana en la historia de Quito. Se espera que la L\u00ednea 1 del Metro de Quito lleve 400 mil pasajeros por d\u00eda, lo que les permitir\u00e1 viajar hasta 22 kil\u00f3metros en solo 34 minutos.<\/p>\n<p>El nuevo servicio de transporte p\u00fablico reducir\u00e1 la congesti\u00f3n y la contaminaci\u00f3n, mejorando la experiencia de los ciudadanos y reduciendo su tiempo de viaje. La reducci\u00f3n de la dependencia del combustible y el desarrollo urbano son otros de los beneficios del proyecto.<\/p>\n<div class=\"row\">\n<div class=\"col-md-5 col-md-offset-6\">\n<h2>El desaf\u00edo<\/h2>\n<\/div>\n<\/div>\n<div class=\"row\">\n<div class=\"col-md-6 col-md-offset-6\">\n<div id=\"textAbout\" class=\"mktoText\">\n<p>EPMMQ inici\u00f3 una actualizaci\u00f3n tecnol\u00f3gica, tratando de simplificar su infraestructura y aliviar la carga administrativa de su personal de TI.<\/p>\n<p>La organizaci\u00f3n ha comenzado a buscar la soluci\u00f3n ideal para aumentar la disponibilidad y reducir el tiempo de inactividad de las aplicaciones empresariales.<\/p>\n<p>Y ah\u00ed es donde entr\u00f3 Lenovo.<\/p>\n<h2>La soluci\u00f3n<\/h2>\n<p>EPMMQ eligi\u00f3 la soluci\u00f3n ThinkAgile HX, con la segunda generaci\u00f3n de procesadores escalables Intel\u00ae Xeon\u00ae, para admitir un nuevo sistema de transporte masivo para la ciudad.<\/p>\n<p>Descubra c\u00f3mo la organizaci\u00f3n fue capaz de simplificar su gesti\u00f3n de TI con una mayor visibilidad de los recursos, impulsando su innovaci\u00f3n tecnol\u00f3gica.<\/p>\n<\/div>\n<\/div>\n<\/div>\n<\/div>\n","protected":false},"excerpt":{"rendered":"<p>Receba este material gratuitamente<\/p>\n","protected":false},"author":2,"featured_media":893,"comment_status":"open","ping_status":"open","sticky":false,"template":"","format":"standard","meta":{"footnotes":""},"categories":[190,191,186,188,189,192,219,193,194],"tags":[],"class_list":["post-281","post","type-post","status-publish","format-standard","has-post-thumbnail","hentry","category-alianzas","category-caso","category-hybrid-cloud-hci","category-infra-modernization","category-intel","category-nutanix","category-pov","category-solucion","category-tipo-do-material"],"acf":[],"yoast_head":"<!-- This site is optimized with the Yoast SEO plugin v27.2 - https:\/\/yoast.com\/product\/yoast-seo-wordpress\/ -->\n<title>El proyecto de movilidad m\u00e1s grande en la historia de Quito<\/title>\n<meta name=\"description\" content=\"Descubra c\u00f3mo la organizaci\u00f3n fue capaz de simplificar su gesti\u00f3n de TI con una mayor visibilidad de los recursos, impulsando su innovaci\u00f3n tecnol\u00f3gica.\" \/>\n<meta name=\"robots\" content=\"index, follow, max-snippet:-1, max-image-preview:large, max-video-preview:-1\" \/>\n<link rel=\"canonical\" href=\"https:\/\/lenovocontenthub.com\/las\/caso-metro-de-quito-y-lenovo\/\" \/>\n<meta property=\"og:locale\" content=\"es_ES\" \/>\n<meta property=\"og:type\" content=\"article\" \/>\n<meta property=\"og:title\" content=\"El proyecto de movilidad m\u00e1s grande en la historia de Quito\" \/>\n<meta property=\"og:description\" content=\"Descubra c\u00f3mo la organizaci\u00f3n fue capaz de simplificar su gesti\u00f3n de TI con una mayor visibilidad de los recursos, impulsando su innovaci\u00f3n tecnol\u00f3gica.\" \/>\n<meta property=\"og:url\" content=\"https:\/\/lenovocontenthub.com\/las\/caso-metro-de-quito-y-lenovo\/\" \/>\n<meta property=\"og:site_name\" content=\"Lenovo Content Hub\" \/>\n<meta property=\"article:published_time\" content=\"2021-02-25T19:38:41+00:00\" \/>\n<meta property=\"article:modified_time\" content=\"2023-10-31T18:28:52+00:00\" \/>\n<meta property=\"og:image\" content=\"https:\/\/lenovocontenthub.com\/las\/wp-content\/uploads\/2023\/09\/case_metro_quito.png\" \/>\n\t<meta property=\"og:image:width\" content=\"1920\" \/>\n\t<meta property=\"og:image:height\" content=\"900\" \/>\n\t<meta property=\"og:image:type\" content=\"image\/png\" \/>\n<meta name=\"author\" content=\"Thiago Simon\" \/>\n<meta name=\"twitter:card\" content=\"summary_large_image\" \/>\n<meta name=\"twitter:label1\" content=\"Escrito por\" \/>\n\t<meta name=\"twitter:data1\" content=\"Thiago Simon\" \/>\n\t<meta name=\"twitter:label2\" content=\"Tiempo de lectura\" \/>\n\t<meta name=\"twitter:data2\" content=\"1 minuto\" \/>\n<script type=\"application\/ld+json\" class=\"yoast-schema-graph\">{\"@context\":\"https:\/\/schema.org\",\"@graph\":[{\"@type\":\"Article\",\"@id\":\"https:\/\/lenovocontenthub.com\/las\/caso-metro-de-quito-y-lenovo\/#article\",\"isPartOf\":{\"@id\":\"https:\/\/lenovocontenthub.com\/las\/caso-metro-de-quito-y-lenovo\/\"},\"author\":{\"name\":\"Thiago Simon\",\"@id\":\"https:\/\/lenovocontenthub.com\/las\/#\/schema\/person\/d11df5f4eb430da8586bd648ec9e2667\"},\"headline\":\"C\u00f3mo Lenovo ayud\u00f3 a revolucionar el transporte p\u00fablico en Quito, la capital de Ecuador\",\"datePublished\":\"2021-02-25T19:38:41+00:00\",\"dateModified\":\"2023-10-31T18:28:52+00:00\",\"mainEntityOfPage\":{\"@id\":\"https:\/\/lenovocontenthub.com\/las\/caso-metro-de-quito-y-lenovo\/\"},\"wordCount\":235,\"commentCount\":0,\"image\":{\"@id\":\"https:\/\/lenovocontenthub.com\/las\/caso-metro-de-quito-y-lenovo\/#primaryimage\"},\"thumbnailUrl\":\"https:\/\/lenovocontenthub.com\/las\/wp-content\/uploads\/2023\/09\/case_metro_quito.png\",\"articleSection\":[\"Alianzas\",\"Caso\",\"HCI\",\"Infra Modernization\",\"Intel\",\"Nutanix\",\"POV\",\"Soluci\u00f3n\",\"Tipo do Material\"],\"inLanguage\":\"es\",\"potentialAction\":[{\"@type\":\"CommentAction\",\"name\":\"Comment\",\"target\":[\"https:\/\/lenovocontenthub.com\/las\/caso-metro-de-quito-y-lenovo\/#respond\"]}]},{\"@type\":\"WebPage\",\"@id\":\"https:\/\/lenovocontenthub.com\/las\/caso-metro-de-quito-y-lenovo\/\",\"url\":\"https:\/\/lenovocontenthub.com\/las\/caso-metro-de-quito-y-lenovo\/\",\"name\":\"El proyecto de movilidad m\u00e1s grande en la historia de Quito\",\"isPartOf\":{\"@id\":\"https:\/\/lenovocontenthub.com\/las\/#website\"},\"primaryImageOfPage\":{\"@id\":\"https:\/\/lenovocontenthub.com\/las\/caso-metro-de-quito-y-lenovo\/#primaryimage\"},\"image\":{\"@id\":\"https:\/\/lenovocontenthub.com\/las\/caso-metro-de-quito-y-lenovo\/#primaryimage\"},\"thumbnailUrl\":\"https:\/\/lenovocontenthub.com\/las\/wp-content\/uploads\/2023\/09\/case_metro_quito.png\",\"datePublished\":\"2021-02-25T19:38:41+00:00\",\"dateModified\":\"2023-10-31T18:28:52+00:00\",\"author\":{\"@id\":\"https:\/\/lenovocontenthub.com\/las\/#\/schema\/person\/d11df5f4eb430da8586bd648ec9e2667\"},\"description\":\"Descubra c\u00f3mo la organizaci\u00f3n fue capaz de simplificar su gesti\u00f3n de TI con una mayor visibilidad de los recursos, impulsando su innovaci\u00f3n tecnol\u00f3gica.\",\"breadcrumb\":{\"@id\":\"https:\/\/lenovocontenthub.com\/las\/caso-metro-de-quito-y-lenovo\/#breadcrumb\"},\"inLanguage\":\"es\",\"potentialAction\":[{\"@type\":\"ReadAction\",\"target\":[\"https:\/\/lenovocontenthub.com\/las\/caso-metro-de-quito-y-lenovo\/\"]}]},{\"@type\":\"ImageObject\",\"inLanguage\":\"es\",\"@id\":\"https:\/\/lenovocontenthub.com\/las\/caso-metro-de-quito-y-lenovo\/#primaryimage\",\"url\":\"https:\/\/lenovocontenthub.com\/las\/wp-content\/uploads\/2023\/09\/case_metro_quito.png\",\"contentUrl\":\"https:\/\/lenovocontenthub.com\/las\/wp-content\/uploads\/2023\/09\/case_metro_quito.png\",\"width\":1920,\"height\":900},{\"@type\":\"BreadcrumbList\",\"@id\":\"https:\/\/lenovocontenthub.com\/las\/caso-metro-de-quito-y-lenovo\/#breadcrumb\",\"itemListElement\":[{\"@type\":\"ListItem\",\"position\":1,\"name\":\"Home\",\"item\":\"https:\/\/lenovocontenthub.com\/las\/\"},{\"@type\":\"ListItem\",\"position\":2,\"name\":\"C\u00f3mo Lenovo ayud\u00f3 a revolucionar el transporte p\u00fablico en Quito, la capital de Ecuador\"}]},{\"@type\":\"WebSite\",\"@id\":\"https:\/\/lenovocontenthub.com\/las\/#website\",\"url\":\"https:\/\/lenovocontenthub.com\/las\/\",\"name\":\"Lenovo Content Hub\",\"description\":\"Lea contenidos sobre Edge, IA, IaaS, HCI y mucho m\u00e1s, organizados en un \u00fanico lugar, de una manera f\u00e1cil y din\u00e1mica. Acceda ahora al Content Hub Lenovo.\",\"potentialAction\":[{\"@type\":\"SearchAction\",\"target\":{\"@type\":\"EntryPoint\",\"urlTemplate\":\"https:\/\/lenovocontenthub.com\/las\/?s={search_term_string}\"},\"query-input\":{\"@type\":\"PropertyValueSpecification\",\"valueRequired\":true,\"valueName\":\"search_term_string\"}}],\"inLanguage\":\"es\"},{\"@type\":\"Person\",\"@id\":\"https:\/\/lenovocontenthub.com\/las\/#\/schema\/person\/d11df5f4eb430da8586bd648ec9e2667\",\"name\":\"Thiago Simon\",\"image\":{\"@type\":\"ImageObject\",\"inLanguage\":\"es\",\"@id\":\"https:\/\/secure.gravatar.com\/avatar\/2daba2fbe6ed5ae6ab100ce9862e2e4eec557dec701c05d219d6fcc9d977f68a?s=96&d=mm&r=g\",\"url\":\"https:\/\/secure.gravatar.com\/avatar\/2daba2fbe6ed5ae6ab100ce9862e2e4eec557dec701c05d219d6fcc9d977f68a?s=96&d=mm&r=g\",\"contentUrl\":\"https:\/\/secure.gravatar.com\/avatar\/2daba2fbe6ed5ae6ab100ce9862e2e4eec557dec701c05d219d6fcc9d977f68a?s=96&d=mm&r=g\",\"caption\":\"Thiago Simon\"},\"url\":\"https:\/\/lenovocontenthub.com\/las\/author\/thiago\/\"}]}<\/script>\n<!-- \/ Yoast SEO plugin. -->","yoast_head_json":{"title":"El proyecto de movilidad m\u00e1s grande en la historia de Quito","description":"Descubra c\u00f3mo la organizaci\u00f3n fue capaz de simplificar su gesti\u00f3n de TI con una mayor visibilidad de los recursos, impulsando su innovaci\u00f3n tecnol\u00f3gica.","robots":{"index":"index","follow":"follow","max-snippet":"max-snippet:-1","max-image-preview":"max-image-preview:large","max-video-preview":"max-video-preview:-1"},"canonical":"https:\/\/lenovocontenthub.com\/las\/caso-metro-de-quito-y-lenovo\/","og_locale":"es_ES","og_type":"article","og_title":"El proyecto de movilidad m\u00e1s grande en la historia de Quito","og_description":"Descubra c\u00f3mo la organizaci\u00f3n fue capaz de simplificar su gesti\u00f3n de TI con una mayor visibilidad de los recursos, impulsando su innovaci\u00f3n tecnol\u00f3gica.","og_url":"https:\/\/lenovocontenthub.com\/las\/caso-metro-de-quito-y-lenovo\/","og_site_name":"Lenovo Content Hub","article_published_time":"2021-02-25T19:38:41+00:00","article_modified_time":"2023-10-31T18:28:52+00:00","og_image":[{"width":1920,"height":900,"url":"https:\/\/lenovocontenthub.com\/las\/wp-content\/uploads\/2023\/09\/case_metro_quito.png","type":"image\/png"}],"author":"Thiago Simon","twitter_card":"summary_large_image","twitter_misc":{"Escrito por":"Thiago Simon","Tiempo de lectura":"1 minuto"},"schema":{"@context":"https:\/\/schema.org","@graph":[{"@type":"Article","@id":"https:\/\/lenovocontenthub.com\/las\/caso-metro-de-quito-y-lenovo\/#article","isPartOf":{"@id":"https:\/\/lenovocontenthub.com\/las\/caso-metro-de-quito-y-lenovo\/"},"author":{"name":"Thiago Simon","@id":"https:\/\/lenovocontenthub.com\/las\/#\/schema\/person\/d11df5f4eb430da8586bd648ec9e2667"},"headline":"C\u00f3mo Lenovo ayud\u00f3 a revolucionar el transporte p\u00fablico en Quito, la capital de Ecuador","datePublished":"2021-02-25T19:38:41+00:00","dateModified":"2023-10-31T18:28:52+00:00","mainEntityOfPage":{"@id":"https:\/\/lenovocontenthub.com\/las\/caso-metro-de-quito-y-lenovo\/"},"wordCount":235,"commentCount":0,"image":{"@id":"https:\/\/lenovocontenthub.com\/las\/caso-metro-de-quito-y-lenovo\/#primaryimage"},"thumbnailUrl":"https:\/\/lenovocontenthub.com\/las\/wp-content\/uploads\/2023\/09\/case_metro_quito.png","articleSection":["Alianzas","Caso","HCI","Infra Modernization","Intel","Nutanix","POV","Soluci\u00f3n","Tipo do Material"],"inLanguage":"es","potentialAction":[{"@type":"CommentAction","name":"Comment","target":["https:\/\/lenovocontenthub.com\/las\/caso-metro-de-quito-y-lenovo\/#respond"]}]},{"@type":"WebPage","@id":"https:\/\/lenovocontenthub.com\/las\/caso-metro-de-quito-y-lenovo\/","url":"https:\/\/lenovocontenthub.com\/las\/caso-metro-de-quito-y-lenovo\/","name":"El proyecto de movilidad m\u00e1s grande en la historia de Quito","isPartOf":{"@id":"https:\/\/lenovocontenthub.com\/las\/#website"},"primaryImageOfPage":{"@id":"https:\/\/lenovocontenthub.com\/las\/caso-metro-de-quito-y-lenovo\/#primaryimage"},"image":{"@id":"https:\/\/lenovocontenthub.com\/las\/caso-metro-de-quito-y-lenovo\/#primaryimage"},"thumbnailUrl":"https:\/\/lenovocontenthub.com\/las\/wp-content\/uploads\/2023\/09\/case_metro_quito.png","datePublished":"2021-02-25T19:38:41+00:00","dateModified":"2023-10-31T18:28:52+00:00","author":{"@id":"https:\/\/lenovocontenthub.com\/las\/#\/schema\/person\/d11df5f4eb430da8586bd648ec9e2667"},"description":"Descubra c\u00f3mo la organizaci\u00f3n fue capaz de simplificar su gesti\u00f3n de TI con una mayor visibilidad de los recursos, impulsando su innovaci\u00f3n tecnol\u00f3gica.","breadcrumb":{"@id":"https:\/\/lenovocontenthub.com\/las\/caso-metro-de-quito-y-lenovo\/#breadcrumb"},"inLanguage":"es","potentialAction":[{"@type":"ReadAction","target":["https:\/\/lenovocontenthub.com\/las\/caso-metro-de-quito-y-lenovo\/"]}]},{"@type":"ImageObject","inLanguage":"es","@id":"https:\/\/lenovocontenthub.com\/las\/caso-metro-de-quito-y-lenovo\/#primaryimage","url":"https:\/\/lenovocontenthub.com\/las\/wp-content\/uploads\/2023\/09\/case_metro_quito.png","contentUrl":"https:\/\/lenovocontenthub.com\/las\/wp-content\/uploads\/2023\/09\/case_metro_quito.png","width":1920,"height":900},{"@type":"BreadcrumbList","@id":"https:\/\/lenovocontenthub.com\/las\/caso-metro-de-quito-y-lenovo\/#breadcrumb","itemListElement":[{"@type":"ListItem","position":1,"name":"Home","item":"https:\/\/lenovocontenthub.com\/las\/"},{"@type":"ListItem","position":2,"name":"C\u00f3mo Lenovo ayud\u00f3 a revolucionar el transporte p\u00fablico en Quito, la capital de Ecuador"}]},{"@type":"WebSite","@id":"https:\/\/lenovocontenthub.com\/las\/#website","url":"https:\/\/lenovocontenthub.com\/las\/","name":"Lenovo Content Hub","description":"Lea contenidos sobre Edge, IA, IaaS, HCI y mucho m\u00e1s, organizados en un \u00fanico lugar, de una manera f\u00e1cil y din\u00e1mica. Acceda ahora al Content Hub Lenovo.","potentialAction":[{"@type":"SearchAction","target":{"@type":"EntryPoint","urlTemplate":"https:\/\/lenovocontenthub.com\/las\/?s={search_term_string}"},"query-input":{"@type":"PropertyValueSpecification","valueRequired":true,"valueName":"search_term_string"}}],"inLanguage":"es"},{"@type":"Person","@id":"https:\/\/lenovocontenthub.com\/las\/#\/schema\/person\/d11df5f4eb430da8586bd648ec9e2667","name":"Thiago Simon","image":{"@type":"ImageObject","inLanguage":"es","@id":"https:\/\/secure.gravatar.com\/avatar\/2daba2fbe6ed5ae6ab100ce9862e2e4eec557dec701c05d219d6fcc9d977f68a?s=96&d=mm&r=g","url":"https:\/\/secure.gravatar.com\/avatar\/2daba2fbe6ed5ae6ab100ce9862e2e4eec557dec701c05d219d6fcc9d977f68a?s=96&d=mm&r=g","contentUrl":"https:\/\/secure.gravatar.com\/avatar\/2daba2fbe6ed5ae6ab100ce9862e2e4eec557dec701c05d219d6fcc9d977f68a?s=96&d=mm&r=g","caption":"Thiago Simon"},"url":"https:\/\/lenovocontenthub.com\/las\/author\/thiago\/"}]}},"_links":{"self":[{"href":"https:\/\/lenovocontenthub.com\/las\/wp-json\/wp\/v2\/posts\/281","targetHints":{"allow":["GET"]}}],"collection":[{"href":"https:\/\/lenovocontenthub.com\/las\/wp-json\/wp\/v2\/posts"}],"about":[{"href":"https:\/\/lenovocontenthub.com\/las\/wp-json\/wp\/v2\/types\/post"}],"author":[{"embeddable":true,"href":"https:\/\/lenovocontenthub.com\/las\/wp-json\/wp\/v2\/users\/2"}],"replies":[{"embeddable":true,"href":"https:\/\/lenovocontenthub.com\/las\/wp-json\/wp\/v2\/comments?post=281"}],"version-history":[{"count":5,"href":"https:\/\/lenovocontenthub.com\/las\/wp-json\/wp\/v2\/posts\/281\/revisions"}],"predecessor-version":[{"id":1957,"href":"https:\/\/lenovocontenthub.com\/las\/wp-json\/wp\/v2\/posts\/281\/revisions\/1957"}],"wp:featuredmedia":[{"embeddable":true,"href":"https:\/\/lenovocontenthub.com\/las\/wp-json\/wp\/v2\/media\/893"}],"wp:attachment":[{"href":"https:\/\/lenovocontenthub.com\/las\/wp-json\/wp\/v2\/media?parent=281"}],"wp:term":[{"taxonomy":"category","embeddable":true,"href":"https:\/\/lenovocontenthub.com\/las\/wp-json\/wp\/v2\/categories?post=281"},{"taxonomy":"post_tag","embeddable":true,"href":"https:\/\/lenovocontenthub.com\/las\/wp-json\/wp\/v2\/tags?post=281"}],"curies":[{"name":"wp","href":"https:\/\/api.w.org\/{rel}","templated":true}]}}